{"id":12942,"date":"2018-08-04T15:19:13","date_gmt":"2018-08-04T15:19:13","guid":{"rendered":"https:\/\/v2.tuzlainfo.ba\/2018\/08\/04\/gdje-za-vikend-srebrenik-rekreacija-i-vrhunska-gastro-i-etno-historijska-ponuda\/"},"modified":"2021-03-23T08:54:42","modified_gmt":"2021-03-23T08:54:42","slug":"gdje-za-vikend-srebrenik-rekreacija-i-vrhunska-gastro-i-etno-historijska-ponuda","status":"publish","type":"post","link":"https:\/\/tuzlainfo.ba\/index.php\/clanci\/gdje-za-vikend\/item\/12942-gdje-za-vikend-srebrenik-rekreacija-i-vrhunska-gastro-i-etno-historijska-ponuda\/","title":{"rendered":"Gdje za vikend \/ Srebrenik: Rekreacija i vrhunska gastro i etno-historijska ponuda"},"content":{"rendered":"<p>Portal Tuzainfo.ba i Turisti\u010dka zajednica Tuzlanskog kantona Vam kroz na\u0161u novu rubriku &#8220;Gdje za vikend&#8221; preporu\u010duju turisti\u010dke destinacije i manifestacije koje \u0107e Va\u0161e ljeto u Tuzlanskom kantonu u\u010diniti jo\u0161 zanimljivijim.<\/p>\n<p>Ovog vikenda vas vodimo u Srebrenik, ta\u010dnije na nekoliko destinacija u ovoj op\u0107ini naslonjenoj na obronke pitomih planina Majevice i Trebave i ravnicu oko rijeke Tinje.<\/p>\n<p>\u017divopisni kraj u uskom geografskom prostoru znati\u017eeljnicima ima \u0161ta za ponuditi. Mi Vam preporu\u010dujemo tri destinacije, na kojima bilo da ste u prolazu ili ciljano tra\u017eite mjesto za nedjeljni odmor u jednom danu mo\u017eete odli\u010dno iskoristiti svoje vrijeme i u\u017eivati i nesvakida\u0161njoj rekreativnoj, gastro i kulturno-historijskoj ponudi ovog kraja.<\/p>\n<div id='gallery-1' class='gallery galleryid-12942 gallery-columns-3 gallery-size-thumbnail'><figure class='gallery-item'>\n\t\t\t<div class='gallery-icon landscape'>\n\t\t\t\t<a href='https:\/\/tuzlainfo.ba\/wp-content\/uploads\/2018\/08\/1.jpg'><img decoding=\"async\" width=\"150\" height=\"150\" src=\"https:\/\/tuzlainfo.ba\/wp-content\/uploads\/2018\/08\/1-150x150.jpg\" class=\"attachment-thumbnail size-thumbnail\" alt=\"\" \/><\/a>\n\t\t\t<\/div><\/figure><figure class='gallery-item'>\n\t\t\t<div class='gallery-icon landscape'>\n\t\t\t\t<a href='https:\/\/tuzlainfo.ba\/wp-content\/uploads\/2018\/08\/2.jpg'><img decoding=\"async\" width=\"150\" height=\"150\" src=\"https:\/\/tuzlainfo.ba\/wp-content\/uploads\/2018\/08\/2-150x150.jpg\" class=\"attachment-thumbnail size-thumbnail\" alt=\"\" \/><\/a>\n\t\t\t<\/div><\/figure><figure class='gallery-item'>\n\t\t\t<div class='gallery-icon landscape'>\n\t\t\t\t<a href='https:\/\/tuzlainfo.ba\/wp-content\/uploads\/2018\/08\/3.jpg'><img decoding=\"async\" width=\"150\" height=\"150\" src=\"https:\/\/tuzlainfo.ba\/wp-content\/uploads\/2018\/08\/3-150x150.jpg\" class=\"attachment-thumbnail size-thumbnail\" alt=\"\" \/><\/a>\n\t\t\t<\/div><\/figure><figure class='gallery-item'>\n\t\t\t<div class='gallery-icon landscape'>\n\t\t\t\t<a href='https:\/\/tuzlainfo.ba\/wp-content\/uploads\/2018\/08\/6.jpg'><img loading=\"lazy\" decoding=\"async\" width=\"150\" height=\"150\" src=\"https:\/\/tuzlainfo.ba\/wp-content\/uploads\/2018\/08\/6-150x150.jpg\" class=\"attachment-thumbnail size-thumbnail\" alt=\"\" \/><\/a>\n\t\t\t<\/div><\/figure>\n\t\t<\/div>\n\n<p>Naka prva destinacija bude turisti\u010dki kompleks u okviru <a href=\"http:\/\/www.hotelorion.ba\/\" target=\"_blank\" rel=\"noopener\"><span style=\"color: #ff0000;\"><strong>hotela Orion<\/strong><\/span><\/a> u Ormanici (\u0160pionica), na samo devet kilometara vo\u017enje od centra Srebrenika magistralnim putem prema Ora\u0161ju.<\/p>\n<p>Turisti\u010dki kompleks, \u010dine hotel, jezero sa \u0161ljunkovitom pla\u017eom, veliki otvoreni, olimpijski i dje\u010diji bazen, te terene za tenis, odbojku na pijesku, ko\u0161arku i mali nogomet, koji u kompletu nude savr\u0161en prostor za cjelodnevni boravak svih generacija.&nbsp;<\/p>\n<p>Kapacitet kupali\u0161ta je 5000 kupa\u010da, za koje je objezbje\u0111eno i 500 parking mjesta.<\/p>\n<p>Za ljubitelje lova vrijedi ista\u0107i da je kompleks smje\u0161ten u krugu lovi\u0161ta &#8220;Ormanica&#8221;, koje obiluje raznom vrstom divlja\u010di, posebno divljim svinjama, srnda\u0107ima, ze\u010devima, te fazanima, prepelicama i divljim golubovima.<\/p>\n<p>Samo \u010detiri minute vo\u017enje od turisti\u010dkog kompleksa Orion, lokalnim putem dolazite do <a href=\"https:\/\/www.facebook.com\/Etno-dvoriste-Marojevic-149574791785214\/\" target=\"_blank\" rel=\"noopener\"><span style=\"color: #ff0000;\"><strong>Etno-eko dvori\u0161ta \u201cMarojevi\u0107\u201d<\/strong><\/span><\/a> u Gornjim Hrgovima. Ljubazni doma\u0107ini \u0107e vam rado pokazati zna\u010dajnu zbirku starina vezanih za njihov kraj kao \u0161to su staro ognji\u0161te, mlin i etno soba.<\/p>\n<p>Ovo mjesto je i dobra preporuka za nedjeljni ru\u010dak, a u ponudi se u mno\u0161tvu tradicionalnih jela nalaze specijaliteti ispod sa\u010da, \u010dorbanac i bogat riblji meni.<\/p>\n<p>Nakon sigurni smo ukusnog obroka, kalorije mo\u017eete potro\u0161iti planinarenjem ili vo\u017enjom biciklom, koje vam doma\u0107ini mogu organizovati.<\/p>\n<p>Ru\u010dati i kona\u010diti u priodnom ambijentu mo\u017eete i u motelu <a href=\"http:\/\/sumski-raj.ba\/\" target=\"_blank\" rel=\"noopener\"><span style=\"color: #ff0000;\"><strong>\u0160umski raj<\/strong><\/span><\/a>, koji se tako\u0111er nalazi u Gornji Hrgovima, u kojem u debeloj hladovini mo\u017eete probati mno\u0161tvo ribljih specijaliteta. Doma\u0107ini preporu\u010duju riblju \u010dorbu, \u010dijim se receptom u porodici Babi\u0107, koja upravlja \u0160umskim rajem, vole pohvaliti, a sigurni smo da se ne\u0107ete pokajati i ako probate pastrmku sa \u017eara ili kotlete svje\u017eeg \u0161arana.<\/p>\n<div id='gallery-2' class='gallery galleryid-12942 gallery-columns-3 gallery-size-thumbnail'><figure class='gallery-item'>\n\t\t\t<div class='gallery-icon landscape'>\n\t\t\t\t<a href='https:\/\/tuzlainfo.ba\/wp-content\/uploads\/2018\/08\/4.jpg'><img loading=\"lazy\" decoding=\"async\" width=\"150\" height=\"150\" src=\"https:\/\/tuzlainfo.ba\/wp-content\/uploads\/2018\/08\/4-150x150.jpg\" class=\"attachment-thumbnail size-thumbnail\" alt=\"\" \/><\/a>\n\t\t\t<\/div><\/figure><figure class='gallery-item'>\n\t\t\t<div class='gallery-icon landscape'>\n\t\t\t\t<a href='https:\/\/tuzlainfo.ba\/wp-content\/uploads\/2018\/08\/5.jpg'><img loading=\"lazy\" decoding=\"async\" width=\"150\" height=\"150\" src=\"https:\/\/tuzlainfo.ba\/wp-content\/uploads\/2018\/08\/5-150x150.jpg\" class=\"attachment-thumbnail size-thumbnail\" alt=\"\" \/><\/a>\n\t\t\t<\/div><\/figure><figure class='gallery-item'>\n\t\t\t<div class='gallery-icon landscape'>\n\t\t\t\t<a href='https:\/\/tuzlainfo.ba\/wp-content\/uploads\/2018\/08\/7.jpg'><img loading=\"lazy\" decoding=\"async\" width=\"150\" height=\"150\" src=\"https:\/\/tuzlainfo.ba\/wp-content\/uploads\/2018\/08\/7-150x150.jpg\" class=\"attachment-thumbnail size-thumbnail\" alt=\"\" \/><\/a>\n\t\t\t<\/div><\/figure><figure class='gallery-item'>\n\t\t\t<div class='gallery-icon landscape'>\n\t\t\t\t<a href='https:\/\/tuzlainfo.ba\/wp-content\/uploads\/2018\/08\/9.jpg'><img loading=\"lazy\" decoding=\"async\" width=\"150\" height=\"150\" src=\"https:\/\/tuzlainfo.ba\/wp-content\/uploads\/2018\/08\/9-150x150.jpg\" class=\"attachment-thumbnail size-thumbnail\" alt=\"\" \/><\/a>\n\t\t\t<\/div><\/figure>\n\t\t<\/div>\n\n<p>Za kraj vam preporu\u010dujemo posjetu, nadaleko poznatom starom gradu Srebrenik, jednu od najo\u010duvanijh tvr\u0111ava iz srednjeg vijeka u BiH. Prvi put se u pisanim izvorima spominje 1333. godine, a sa\u010duvani zidovi tvr\u0111ave poti\u010du iz 18. stolje\u0107a.<\/p>\n<p>Nalazi na sjeveroisto\u010dnim obroncima&nbsp;&nbsp;Majevice, u selu Gornji Srebrenik. Do njega se dolazi lokalnim putem i udaljen je oko 5 km. Sagra\u0111en je na nepristupa\u010dnoj stijeni, do koje se dolazi drvenim mostom. Ulaz u objekat se napla\u0107uje, a pored predivnog pogleda na padine Majevice i Trebave, te polja Posavine, u objektu je mogu\u0107e kupiti i suvenire.<\/p>\n<p>Ako na zidinama starog grada ili negdje ublizini planirate predahnuti uz kafu, ru\u010dak ili osvje\u017eavaju\u0107e pi\u0107e, onda vas moramo upozoriti da to organizujete u vlastitoj re\u017eiji, jer na\u017ealost ugostiljskih objekata u blizini nema.<\/p>\n<p>Planirate li ono \u0161to nudi Srebrenik posjetiti u nekoliko dana, hotelski smje\u0161taj nude ve\u0107 spomenuti \u201cOrion\u201d, te \u201c<a href=\"https:\/\/www.facebook.com\/Hotel-Park-Srebrenik-1891567134388788\/\" target=\"_blank\" rel=\"noopener\"><span style=\"color: #ff0000;\"><strong>Park<\/strong><\/span><\/a>\u201d koji se nalazi u centru grada, a u ponudi je nekoliko motelskih i panisionskih smje\u0161taja na \u0161irem podru\u010dju op\u0107ine.<\/p>\n<p>Korisni linkovi:<\/p>\n<p><a href=\"https:\/\/tourism-tk.ba\/index.php\/opcine-tk\/item\/78-srebrenik\">https:\/\/tourism-tk.ba\/index.php\/opcine-tk\/item\/78-srebrenik<\/a><\/p>\n<p><a href=\"https:\/\/srebrenik.ba\/geografija\/o-srebreniku-2\/geografija\/geografija-srebrenika\">https:\/\/srebrenik.ba\/geografija\/o-srebreniku-2\/geografija\/geografija-srebrenika<\/a><\/p>\n<p><a href=\"http:\/\/www.srebrenik.net\/aktuelno\/gradina-stari-grad-srebrenik-historija\/\">http:\/\/www.srebrenik.net\/aktuelno\/gradina-stari-grad-srebrenik-historija\/<\/a><\/p>\n<p><a href=\"https:\/\/mapio.net\/pic\/p-57275640\/\">https:\/\/mapio.net\/pic\/p-57275640\/<\/a><\/p>\n<p><strong>(Tuzlainfo.ba)<\/strong><\/p>\n<p>&nbsp;<strong><span style=\"font-size: 8pt;\">Sadr\u017eaj je kreiran uz potporu Turisti\u010dke zajednice Tuzlanskog kantona u okviru Programa podizanja kvalitete turisti\u010dke ponude Tuzlanskog kantona za 2018. godinu.<\/span><\/strong><\/p>\n<p><iframe src=\"https:\/\/www.facebook.com\/plugins\/video.php?href=https%3A%2F%2Fwww.facebook.com%2FOrionHotelBiH%2Fvideos%2F2132890476986771%2F&amp;show_text=0&amp;width=560\" width=\"770\" height=\"420\" style=\"border: none; overflow: hidden;\" frameborder=\"0\" scrolling=\"no\" allowfullscreen=\"allowfullscreen\"><\/iframe><\/p>\n","protected":false},"excerpt":{"rendered":"<p>Portal Tuzainfo.ba i Turisti\u010dka zajednica Tuzlanskog kantona Vam kroz na\u0161u novu rubriku &#8220;Gdje za vikend&#8221; preporu\u010duju turisti\u010dke destinacije i manifestacije koje \u0107e Va\u0161e ljeto u Tuzlanskom kantonu u\u010diniti jo\u0161 zanimljivijim. Ovog vikenda vas vodimo u Srebrenik, ta\u010dnije na nekoliko destinacija u ovoj op\u0107ini naslonjenoj na obronke pitomih planina Majevice i Trebave i ravnicu oko rijeke [&hellip;]<\/p>\n","protected":false},"author":2,"featured_media":63199,"comment_status":"open","ping_status":"closed","sticky":false,"template":"","format":"standard","meta":{"footnotes":""},"categories":[19],"tags":[],"class_list":["post-12942","post","type-post","status-publish","format-standard","has-post-thumbnail","hentry","category-gdje-za-vikend"],"yoast_head":"<!-- This site is optimized with the Yoast SEO plugin v28.4 - https:\/\/yoast.com\/product\/yoast-seo-wordpress\/ -->\n<title>Gdje za vikend \/ Srebrenik: Rekreacija i vrhunska gastro i etno-historijska ponuda<\/title>\n<meta name=\"robots\" content=\"index, follow, max-snippet:-1, max-image-preview:large, max-video-preview:-1\" \/>\n<link rel=\"canonical\" href=\"https:\/\/tuzlainfo.ba\/index.php\/clanci\/gdje-za-vikend\/item\/12942-gdje-za-vikend-srebrenik-rekreacija-i-vrhunska-gastro-i-etno-historijska-ponuda\/\" \/>\n<meta property=\"og:locale\" content=\"bs_BA\" \/>\n<meta property=\"og:type\" content=\"article\" \/>\n<meta property=\"og:title\" content=\"Gdje za vikend \/ Srebrenik: Rekreacija i vrhunska gastro i etno-historijska ponuda\" \/>\n<meta property=\"og:description\" content=\"Portal Tuzainfo.ba i Turisti\u010dka zajednica Tuzlanskog kantona Vam kroz na\u0161u novu rubriku &#8220;Gdje za vikend&#8221; preporu\u010duju turisti\u010dke destinacije i manifestacije koje \u0107e Va\u0161e ljeto u Tuzlanskom kantonu u\u010diniti jo\u0161 zanimljivijim. Ovog vikenda vas vodimo u Srebrenik, ta\u010dnije na nekoliko destinacija u ovoj op\u0107ini naslonjenoj na obronke pitomih planina Majevice i Trebave i ravnicu oko rijeke [&hellip;]\" \/>\n<meta property=\"og:url\" content=\"https:\/\/tuzlainfo.ba\/index.php\/clanci\/gdje-za-vikend\/item\/12942-gdje-za-vikend-srebrenik-rekreacija-i-vrhunska-gastro-i-etno-historijska-ponuda\/\" \/>\n<meta property=\"og:site_name\" content=\"TuzlaInfo.ba\" \/>\n<meta property=\"article:publisher\" content=\"https:\/\/www.facebook.com\/tuzlainfo.ba\/\" \/>\n<meta property=\"article:published_time\" content=\"2018-08-04T15:19:13+00:00\" \/>\n<meta property=\"article:modified_time\" content=\"2021-03-23T08:54:42+00:00\" \/>\n<meta property=\"og:image\" content=\"https:\/\/tuzlainfo.ba\/wp-content\/uploads\/2018\/08\/k2_items_src_9ab02d0109d4f857ba1fe7cc6037c862.jpg\" \/>\n\t<meta property=\"og:image:width\" content=\"770\" \/>\n\t<meta property=\"og:image:height\" content=\"522\" \/>\n\t<meta property=\"og:image:type\" content=\"image\/jpeg\" \/>\n<meta name=\"author\" content=\"nedim\" \/>\n<meta name=\"twitter:card\" content=\"summary_large_image\" \/>\n<meta name=\"twitter:label1\" content=\"Written by\" \/>\n\t<meta name=\"twitter:data1\" content=\"nedim\" \/>\n\t<meta name=\"twitter:label2\" content=\"Est. reading time\" \/>\n\t<meta name=\"twitter:data2\" content=\"3 minute\" \/>\n<script type=\"application\/ld+json\" class=\"yoast-schema-graph\">{\"@context\":\"https:\\\/\\\/schema.org\",\"@graph\":[{\"@type\":\"Article\",\"@id\":\"https:\\\/\\\/tuzlainfo.ba\\\/index.php\\\/clanci\\\/gdje-za-vikend\\\/item\\\/12942-gdje-za-vikend-srebrenik-rekreacija-i-vrhunska-gastro-i-etno-historijska-ponuda\\\/#article\",\"isPartOf\":{\"@id\":\"https:\\\/\\\/tuzlainfo.ba\\\/index.php\\\/clanci\\\/gdje-za-vikend\\\/item\\\/12942-gdje-za-vikend-srebrenik-rekreacija-i-vrhunska-gastro-i-etno-historijska-ponuda\\\/\"},\"author\":{\"name\":\"nedim\",\"@id\":\"https:\\\/\\\/tuzlainfo.ba\\\/#\\\/schema\\\/person\\\/f434e20dc27ea133923aab08451b7f7f\"},\"headline\":\"Gdje za vikend \\\/ Srebrenik: Rekreacija i vrhunska gastro i etno-historijska ponuda\",\"datePublished\":\"2018-08-04T15:19:13+00:00\",\"dateModified\":\"2021-03-23T08:54:42+00:00\",\"mainEntityOfPage\":{\"@id\":\"https:\\\/\\\/tuzlainfo.ba\\\/index.php\\\/clanci\\\/gdje-za-vikend\\\/item\\\/12942-gdje-za-vikend-srebrenik-rekreacija-i-vrhunska-gastro-i-etno-historijska-ponuda\\\/\"},\"wordCount\":664,\"commentCount\":0,\"publisher\":{\"@id\":\"https:\\\/\\\/tuzlainfo.ba\\\/#organization\"},\"image\":{\"@id\":\"https:\\\/\\\/tuzlainfo.ba\\\/index.php\\\/clanci\\\/gdje-za-vikend\\\/item\\\/12942-gdje-za-vikend-srebrenik-rekreacija-i-vrhunska-gastro-i-etno-historijska-ponuda\\\/#primaryimage\"},\"thumbnailUrl\":\"https:\\\/\\\/tuzlainfo.ba\\\/wp-content\\\/uploads\\\/2018\\\/08\\\/k2_items_src_9ab02d0109d4f857ba1fe7cc6037c862.jpg\",\"articleSection\":[\"Gdje za vikend\"],\"inLanguage\":\"bs-BA\",\"copyrightYear\":\"2018\",\"copyrightHolder\":{\"@id\":\"https:\\\/\\\/tuzlainfo.ba\\\/#organization\"}},{\"@type\":\"WebPage\",\"@id\":\"https:\\\/\\\/tuzlainfo.ba\\\/index.php\\\/clanci\\\/gdje-za-vikend\\\/item\\\/12942-gdje-za-vikend-srebrenik-rekreacija-i-vrhunska-gastro-i-etno-historijska-ponuda\\\/\",\"url\":\"https:\\\/\\\/tuzlainfo.ba\\\/index.php\\\/clanci\\\/gdje-za-vikend\\\/item\\\/12942-gdje-za-vikend-srebrenik-rekreacija-i-vrhunska-gastro-i-etno-historijska-ponuda\\\/\",\"name\":\"Gdje za vikend \\\/ Srebrenik: Rekreacija i vrhunska gastro i etno-historijska ponuda\",\"isPartOf\":{\"@id\":\"https:\\\/\\\/tuzlainfo.ba\\\/#website\"},\"primaryImageOfPage\":{\"@id\":\"https:\\\/\\\/tuzlainfo.ba\\\/index.php\\\/clanci\\\/gdje-za-vikend\\\/item\\\/12942-gdje-za-vikend-srebrenik-rekreacija-i-vrhunska-gastro-i-etno-historijska-ponuda\\\/#primaryimage\"},\"image\":{\"@id\":\"https:\\\/\\\/tuzlainfo.ba\\\/index.php\\\/clanci\\\/gdje-za-vikend\\\/item\\\/12942-gdje-za-vikend-srebrenik-rekreacija-i-vrhunska-gastro-i-etno-historijska-ponuda\\\/#primaryimage\"},\"thumbnailUrl\":\"https:\\\/\\\/tuzlainfo.ba\\\/wp-content\\\/uploads\\\/2018\\\/08\\\/k2_items_src_9ab02d0109d4f857ba1fe7cc6037c862.jpg\",\"datePublished\":\"2018-08-04T15:19:13+00:00\",\"dateModified\":\"2021-03-23T08:54:42+00:00\",\"breadcrumb\":{\"@id\":\"https:\\\/\\\/tuzlainfo.ba\\\/index.php\\\/clanci\\\/gdje-za-vikend\\\/item\\\/12942-gdje-za-vikend-srebrenik-rekreacija-i-vrhunska-gastro-i-etno-historijska-ponuda\\\/#breadcrumb\"},\"inLanguage\":\"bs-BA\",\"potentialAction\":[{\"@type\":\"ReadAction\",\"target\":[\"https:\\\/\\\/tuzlainfo.ba\\\/index.php\\\/clanci\\\/gdje-za-vikend\\\/item\\\/12942-gdje-za-vikend-srebrenik-rekreacija-i-vrhunska-gastro-i-etno-historijska-ponuda\\\/\"]}]},{\"@type\":\"ImageObject\",\"inLanguage\":\"bs-BA\",\"@id\":\"https:\\\/\\\/tuzlainfo.ba\\\/index.php\\\/clanci\\\/gdje-za-vikend\\\/item\\\/12942-gdje-za-vikend-srebrenik-rekreacija-i-vrhunska-gastro-i-etno-historijska-ponuda\\\/#primaryimage\",\"url\":\"https:\\\/\\\/tuzlainfo.ba\\\/wp-content\\\/uploads\\\/2018\\\/08\\\/k2_items_src_9ab02d0109d4f857ba1fe7cc6037c862.jpg\",\"contentUrl\":\"https:\\\/\\\/tuzlainfo.ba\\\/wp-content\\\/uploads\\\/2018\\\/08\\\/k2_items_src_9ab02d0109d4f857ba1fe7cc6037c862.jpg\",\"width\":770,\"height\":522},{\"@type\":\"BreadcrumbList\",\"@id\":\"https:\\\/\\\/tuzlainfo.ba\\\/index.php\\\/clanci\\\/gdje-za-vikend\\\/item\\\/12942-gdje-za-vikend-srebrenik-rekreacija-i-vrhunska-gastro-i-etno-historijska-ponuda\\\/#breadcrumb\",\"itemListElement\":[{\"@type\":\"ListItem\",\"position\":1,\"name\":\"Home\",\"item\":\"https:\\\/\\\/tuzlainfo.ba\\\/\"},{\"@type\":\"ListItem\",\"position\":2,\"name\":\"Gdje za vikend \\\/ Srebrenik: Rekreacija i vrhunska gastro i etno-historijska ponuda\"}]},{\"@type\":\"WebSite\",\"@id\":\"https:\\\/\\\/tuzlainfo.ba\\\/#website\",\"url\":\"https:\\\/\\\/tuzlainfo.ba\\\/\",\"name\":\"TuzlaInfo.ba\",\"description\":\"Tuzla info, gradski informator - Tuzla na dlanu\",\"publisher\":{\"@id\":\"https:\\\/\\\/tuzlainfo.ba\\\/#organization\"},\"potentialAction\":[{\"@type\":\"SearchAction\",\"target\":{\"@type\":\"EntryPoint\",\"urlTemplate\":\"https:\\\/\\\/tuzlainfo.ba\\\/?s={search_term_string}\"},\"query-input\":{\"@type\":\"PropertyValueSpecification\",\"valueRequired\":true,\"valueName\":\"search_term_string\"}}],\"inLanguage\":\"bs-BA\"},{\"@type\":\"Organization\",\"@id\":\"https:\\\/\\\/tuzlainfo.ba\\\/#organization\",\"name\":\"TuzlaInfo.ba\",\"url\":\"https:\\\/\\\/tuzlainfo.ba\\\/\",\"logo\":{\"@type\":\"ImageObject\",\"inLanguage\":\"bs-BA\",\"@id\":\"https:\\\/\\\/tuzlainfo.ba\\\/#\\\/schema\\\/logo\\\/image\\\/\",\"url\":\"https:\\\/\\\/tuzlainfo.ba\\\/wp-content\\\/uploads\\\/2021\\\/03\\\/logo-ver-3-1.png\",\"contentUrl\":\"https:\\\/\\\/tuzlainfo.ba\\\/wp-content\\\/uploads\\\/2021\\\/03\\\/logo-ver-3-1.png\",\"width\":350,\"height\":95,\"caption\":\"TuzlaInfo.ba\"},\"image\":{\"@id\":\"https:\\\/\\\/tuzlainfo.ba\\\/#\\\/schema\\\/logo\\\/image\\\/\"},\"sameAs\":[\"https:\\\/\\\/www.facebook.com\\\/tuzlainfo.ba\\\/\"]},{\"@type\":\"Person\",\"@id\":\"https:\\\/\\\/tuzlainfo.ba\\\/#\\\/schema\\\/person\\\/f434e20dc27ea133923aab08451b7f7f\",\"name\":\"nedim\",\"image\":{\"@type\":\"ImageObject\",\"inLanguage\":\"bs-BA\",\"@id\":\"https:\\\/\\\/secure.gravatar.com\\\/avatar\\\/5b928a2e7e70a54208d2eb6c1edcb75a5350d6ae97d5f0a701203d456823f6f3?s=96&d=mm&r=g\",\"url\":\"https:\\\/\\\/secure.gravatar.com\\\/avatar\\\/5b928a2e7e70a54208d2eb6c1edcb75a5350d6ae97d5f0a701203d456823f6f3?s=96&d=mm&r=g\",\"contentUrl\":\"https:\\\/\\\/secure.gravatar.com\\\/avatar\\\/5b928a2e7e70a54208d2eb6c1edcb75a5350d6ae97d5f0a701203d456823f6f3?s=96&d=mm&r=g\",\"caption\":\"nedim\"},\"description\":\"Tuzlainfo.ba pratite na dru\u0161tvenim mre\u017eama: Facebook, Instagram i Youtube. Svoje pri\u010de, upite i fotografije \u0161aljite na na\u0161u e-mail adresu.\"}]}<\/script>\n<!-- \/ Yoast SEO plugin. -->","yoast_head_json":{"title":"Gdje za vikend \/ Srebrenik: Rekreacija i vrhunska gastro i etno-historijska ponuda","robots":{"index":"index","follow":"follow","max-snippet":"max-snippet:-1","max-image-preview":"max-image-preview:large","max-video-preview":"max-video-preview:-1"},"canonical":"https:\/\/tuzlainfo.ba\/index.php\/clanci\/gdje-za-vikend\/item\/12942-gdje-za-vikend-srebrenik-rekreacija-i-vrhunska-gastro-i-etno-historijska-ponuda\/","og_locale":"bs_BA","og_type":"article","og_title":"Gdje za vikend \/ Srebrenik: Rekreacija i vrhunska gastro i etno-historijska ponuda","og_description":"Portal Tuzainfo.ba i Turisti\u010dka zajednica Tuzlanskog kantona Vam kroz na\u0161u novu rubriku &#8220;Gdje za vikend&#8221; preporu\u010duju turisti\u010dke destinacije i manifestacije koje \u0107e Va\u0161e ljeto u Tuzlanskom kantonu u\u010diniti jo\u0161 zanimljivijim. Ovog vikenda vas vodimo u Srebrenik, ta\u010dnije na nekoliko destinacija u ovoj op\u0107ini naslonjenoj na obronke pitomih planina Majevice i Trebave i ravnicu oko rijeke [&hellip;]","og_url":"https:\/\/tuzlainfo.ba\/index.php\/clanci\/gdje-za-vikend\/item\/12942-gdje-za-vikend-srebrenik-rekreacija-i-vrhunska-gastro-i-etno-historijska-ponuda\/","og_site_name":"TuzlaInfo.ba","article_publisher":"https:\/\/www.facebook.com\/tuzlainfo.ba\/","article_published_time":"2018-08-04T15:19:13+00:00","article_modified_time":"2021-03-23T08:54:42+00:00","og_image":[{"width":770,"height":522,"url":"https:\/\/tuzlainfo.ba\/wp-content\/uploads\/2018\/08\/k2_items_src_9ab02d0109d4f857ba1fe7cc6037c862.jpg","type":"image\/jpeg"}],"author":"nedim","twitter_card":"summary_large_image","twitter_misc":{"Written by":"nedim","Est. reading time":"3 minute"},"schema":{"@context":"https:\/\/schema.org","@graph":[{"@type":"Article","@id":"https:\/\/tuzlainfo.ba\/index.php\/clanci\/gdje-za-vikend\/item\/12942-gdje-za-vikend-srebrenik-rekreacija-i-vrhunska-gastro-i-etno-historijska-ponuda\/#article","isPartOf":{"@id":"https:\/\/tuzlainfo.ba\/index.php\/clanci\/gdje-za-vikend\/item\/12942-gdje-za-vikend-srebrenik-rekreacija-i-vrhunska-gastro-i-etno-historijska-ponuda\/"},"author":{"name":"nedim","@id":"https:\/\/tuzlainfo.ba\/#\/schema\/person\/f434e20dc27ea133923aab08451b7f7f"},"headline":"Gdje za vikend \/ Srebrenik: Rekreacija i vrhunska gastro i etno-historijska ponuda","datePublished":"2018-08-04T15:19:13+00:00","dateModified":"2021-03-23T08:54:42+00:00","mainEntityOfPage":{"@id":"https:\/\/tuzlainfo.ba\/index.php\/clanci\/gdje-za-vikend\/item\/12942-gdje-za-vikend-srebrenik-rekreacija-i-vrhunska-gastro-i-etno-historijska-ponuda\/"},"wordCount":664,"commentCount":0,"publisher":{"@id":"https:\/\/tuzlainfo.ba\/#organization"},"image":{"@id":"https:\/\/tuzlainfo.ba\/index.php\/clanci\/gdje-za-vikend\/item\/12942-gdje-za-vikend-srebrenik-rekreacija-i-vrhunska-gastro-i-etno-historijska-ponuda\/#primaryimage"},"thumbnailUrl":"https:\/\/tuzlainfo.ba\/wp-content\/uploads\/2018\/08\/k2_items_src_9ab02d0109d4f857ba1fe7cc6037c862.jpg","articleSection":["Gdje za vikend"],"inLanguage":"bs-BA","copyrightYear":"2018","copyrightHolder":{"@id":"https:\/\/tuzlainfo.ba\/#organization"}},{"@type":"WebPage","@id":"https:\/\/tuzlainfo.ba\/index.php\/clanci\/gdje-za-vikend\/item\/12942-gdje-za-vikend-srebrenik-rekreacija-i-vrhunska-gastro-i-etno-historijska-ponuda\/","url":"https:\/\/tuzlainfo.ba\/index.php\/clanci\/gdje-za-vikend\/item\/12942-gdje-za-vikend-srebrenik-rekreacija-i-vrhunska-gastro-i-etno-historijska-ponuda\/","name":"Gdje za vikend \/ Srebrenik: Rekreacija i vrhunska gastro i etno-historijska ponuda","isPartOf":{"@id":"https:\/\/tuzlainfo.ba\/#website"},"primaryImageOfPage":{"@id":"https:\/\/tuzlainfo.ba\/index.php\/clanci\/gdje-za-vikend\/item\/12942-gdje-za-vikend-srebrenik-rekreacija-i-vrhunska-gastro-i-etno-historijska-ponuda\/#primaryimage"},"image":{"@id":"https:\/\/tuzlainfo.ba\/index.php\/clanci\/gdje-za-vikend\/item\/12942-gdje-za-vikend-srebrenik-rekreacija-i-vrhunska-gastro-i-etno-historijska-ponuda\/#primaryimage"},"thumbnailUrl":"https:\/\/tuzlainfo.ba\/wp-content\/uploads\/2018\/08\/k2_items_src_9ab02d0109d4f857ba1fe7cc6037c862.jpg","datePublished":"2018-08-04T15:19:13+00:00","dateModified":"2021-03-23T08:54:42+00:00","breadcrumb":{"@id":"https:\/\/tuzlainfo.ba\/index.php\/clanci\/gdje-za-vikend\/item\/12942-gdje-za-vikend-srebrenik-rekreacija-i-vrhunska-gastro-i-etno-historijska-ponuda\/#breadcrumb"},"inLanguage":"bs-BA","potentialAction":[{"@type":"ReadAction","target":["https:\/\/tuzlainfo.ba\/index.php\/clanci\/gdje-za-vikend\/item\/12942-gdje-za-vikend-srebrenik-rekreacija-i-vrhunska-gastro-i-etno-historijska-ponuda\/"]}]},{"@type":"ImageObject","inLanguage":"bs-BA","@id":"https:\/\/tuzlainfo.ba\/index.php\/clanci\/gdje-za-vikend\/item\/12942-gdje-za-vikend-srebrenik-rekreacija-i-vrhunska-gastro-i-etno-historijska-ponuda\/#primaryimage","url":"https:\/\/tuzlainfo.ba\/wp-content\/uploads\/2018\/08\/k2_items_src_9ab02d0109d4f857ba1fe7cc6037c862.jpg","contentUrl":"https:\/\/tuzlainfo.ba\/wp-content\/uploads\/2018\/08\/k2_items_src_9ab02d0109d4f857ba1fe7cc6037c862.jpg","width":770,"height":522},{"@type":"BreadcrumbList","@id":"https:\/\/tuzlainfo.ba\/index.php\/clanci\/gdje-za-vikend\/item\/12942-gdje-za-vikend-srebrenik-rekreacija-i-vrhunska-gastro-i-etno-historijska-ponuda\/#breadcrumb","itemListElement":[{"@type":"ListItem","position":1,"name":"Home","item":"https:\/\/tuzlainfo.ba\/"},{"@type":"ListItem","position":2,"name":"Gdje za vikend \/ Srebrenik: Rekreacija i vrhunska gastro i etno-historijska ponuda"}]},{"@type":"WebSite","@id":"https:\/\/tuzlainfo.ba\/#website","url":"https:\/\/tuzlainfo.ba\/","name":"TuzlaInfo.ba","description":"Tuzla info, gradski informator - Tuzla na dlanu","publisher":{"@id":"https:\/\/tuzlainfo.ba\/#organization"},"potentialAction":[{"@type":"SearchAction","target":{"@type":"EntryPoint","urlTemplate":"https:\/\/tuzlainfo.ba\/?s={search_term_string}"},"query-input":{"@type":"PropertyValueSpecification","valueRequired":true,"valueName":"search_term_string"}}],"inLanguage":"bs-BA"},{"@type":"Organization","@id":"https:\/\/tuzlainfo.ba\/#organization","name":"TuzlaInfo.ba","url":"https:\/\/tuzlainfo.ba\/","logo":{"@type":"ImageObject","inLanguage":"bs-BA","@id":"https:\/\/tuzlainfo.ba\/#\/schema\/logo\/image\/","url":"https:\/\/tuzlainfo.ba\/wp-content\/uploads\/2021\/03\/logo-ver-3-1.png","contentUrl":"https:\/\/tuzlainfo.ba\/wp-content\/uploads\/2021\/03\/logo-ver-3-1.png","width":350,"height":95,"caption":"TuzlaInfo.ba"},"image":{"@id":"https:\/\/tuzlainfo.ba\/#\/schema\/logo\/image\/"},"sameAs":["https:\/\/www.facebook.com\/tuzlainfo.ba\/"]},{"@type":"Person","@id":"https:\/\/tuzlainfo.ba\/#\/schema\/person\/f434e20dc27ea133923aab08451b7f7f","name":"nedim","image":{"@type":"ImageObject","inLanguage":"bs-BA","@id":"https:\/\/secure.gravatar.com\/avatar\/5b928a2e7e70a54208d2eb6c1edcb75a5350d6ae97d5f0a701203d456823f6f3?s=96&d=mm&r=g","url":"https:\/\/secure.gravatar.com\/avatar\/5b928a2e7e70a54208d2eb6c1edcb75a5350d6ae97d5f0a701203d456823f6f3?s=96&d=mm&r=g","contentUrl":"https:\/\/secure.gravatar.com\/avatar\/5b928a2e7e70a54208d2eb6c1edcb75a5350d6ae97d5f0a701203d456823f6f3?s=96&d=mm&r=g","caption":"nedim"},"description":"Tuzlainfo.ba pratite na dru\u0161tvenim mre\u017eama: Facebook, Instagram i Youtube. Svoje pri\u010de, upite i fotografije \u0161aljite na na\u0161u e-mail adresu."}]}},"_links":{"self":[{"href":"https:\/\/tuzlainfo.ba\/index.php\/wp-json\/wp\/v2\/posts\/12942","targetHints":{"allow":["GET"]}}],"collection":[{"href":"https:\/\/tuzlainfo.ba\/index.php\/wp-json\/wp\/v2\/posts"}],"about":[{"href":"https:\/\/tuzlainfo.ba\/index.php\/wp-json\/wp\/v2\/types\/post"}],"author":[{"embeddable":true,"href":"https:\/\/tuzlainfo.ba\/index.php\/wp-json\/wp\/v2\/users\/2"}],"replies":[{"embeddable":true,"href":"https:\/\/tuzlainfo.ba\/index.php\/wp-json\/wp\/v2\/comments?post=12942"}],"version-history":[{"count":0,"href":"https:\/\/tuzlainfo.ba\/index.php\/wp-json\/wp\/v2\/posts\/12942\/revisions"}],"wp:featuredmedia":[{"embeddable":true,"href":"https:\/\/tuzlainfo.ba\/index.php\/wp-json\/wp\/v2\/media\/63199"}],"wp:attachment":[{"href":"https:\/\/tuzlainfo.ba\/index.php\/wp-json\/wp\/v2\/media?parent=12942"}],"wp:term":[{"taxonomy":"category","embeddable":true,"href":"https:\/\/tuzlainfo.ba\/index.php\/wp-json\/wp\/v2\/categories?post=12942"},{"taxonomy":"post_tag","embeddable":true,"href":"https:\/\/tuzlainfo.ba\/index.php\/wp-json\/wp\/v2\/tags?post=12942"}],"curies":[{"name":"wp","href":"https:\/\/api.w.org\/{rel}","templated":true}]}}