{"id":12749,"date":"2018-07-20T20:04:12","date_gmt":"2018-07-20T20:04:12","guid":{"rendered":"https:\/\/v2.tuzlainfo.ba\/2018\/07\/20\/gdje-za-vikend-tuzla-je-u-subotu-21-jula-regionalni-centar-dobre-zabave\/"},"modified":"2021-03-23T08:55:04","modified_gmt":"2021-03-23T08:55:04","slug":"gdje-za-vikend-tuzla-je-u-subotu-21-jula-regionalni-centar-dobre-zabave","status":"publish","type":"post","link":"https:\/\/tuzlainfo.ba\/index.php\/clanci\/gdje-za-vikend\/item\/12749-gdje-za-vikend-tuzla-je-u-subotu-21-jula-regionalni-centar-dobre-zabave\/","title":{"rendered":"Gdje za vikend: Tuzla je u subotu, 21. jula, regionalni centar dobre zabave!"},"content":{"rendered":"<p>Portal Tuzainfo.ba i Turisti\u010dka zajednica Tuzlanskog kantona Vam kroz na\u0161u novu rubriku &#8220;Gdje za vikend&#8221; preporu\u010duju turisti\u010dke destinacije i manifestacije koje \u0107e Va\u0161e ljeto u Tuzlanskom kantonu u\u010diniti jo\u0161 zanimljivijim.<\/p>\n<p>U vikendu koji je pred nama s razlogom preporu\u010dujemo Tuzlu, koja \u0107e u subotu 21. jula biti regionalni sportski i muzi\u010dki centar, koja sa sadr\u017eajima koje nudi sigurno garantuje dobru zabavu.<\/p>\n<p>Centralni doga\u0111aj subote pred nama je <strong>2. tuzlanski no\u0107ni polumaraton<\/strong>, koji u grad soli dovodi vi\u0161e stotina ljubitelja tr\u010danja, koji od 20.30 sati sa najve\u0107eg trga u BiH, Trga slobode, kre\u0107u u borbu sa kilometrima i vremenom, a u tome \u0107e pro\u0107i kroz cijeli grad.<\/p>\n<p>-Gra\u0111ani su pozvani da iza\u0111u na ulice i podr\u017ee trka\u010de te na taj na\u010din i oni budu dio ovog velikog sportskog doga\u0111aja u Tuzli \u2013 poru\u010dili su organizatori ARK \u201cRekreativci\u201d Tuzla, koji o\u010dekuju impresivan broj od 800 u\u010desnika u dvije trke.<\/p>\n<p>Dio ovog doga\u0111aja je i <strong>Pasta Party<\/strong>, koji po\u010dinje u 16 sati u Caffe-u Sloboda na Sonom trgu, a koji \u0107e okupiti u\u010desnike ve\u010dernjih trka, ali i ostale znati\u017eeljne posjetitelje.<\/p>\n<p>Dio na\u0161e subotnje preporuke su i sadr\u017eaji u okviru Festivala \u201cKaleidoskop\u201d koji se odr\u017eava u Tuzli u periodu od 17. do 22. jula.<\/p>\n<p>Tako ve\u0107 od 10 sati u okviru ovog sajma u Gradskom parku mo\u017eete posjetiti<strong> \u201eKaleidoskop art\u201c, mali sajam umjetni\u010dkog i poduzetni\u010dkog stvarala\u0161tva<\/strong>. Na sajmu su izlo\u017eeni su razni predmeti, od umjetni\u010dkih slika, sukulenata, terarijuma, modnih predmeta i rekvizita, suvenira, pa do raznorazne bi\u017euterije, igra\u010daka, magneta\u2026<\/p>\n<p>Tokom dana mo\u017eete posjetiti <strong>Barok Art Distrikt<\/strong>, te pratiti izradu murala koji se oslikava tokom festivala. Mjesto doga\u0111aja je ulica Barok u centru Tuzle, koja je mjesto okupljanja umjetnika i ljubitelja audio vizuelne umjetnosti.&nbsp;<\/p>\n<p> &#8211; Svaki dan mo\u017eete do\u0107i na dru\u017eenje i hladno pi\u0107e. A svaku no\u0107 \u0107e biti warmup party i pripreme za nedjelju 22. juli kada uz audio vizuelni nastup grupe&nbsp;Fa11out&nbsp;zvani\u010dno otvaramo&nbsp;Art Distrikt \u2013 poru\u010duju organizatori.<\/p>\n<p>Obzirom da za 21. juli meteorolozi najavljuju pravi ljetni dan, nezabilazna preporuka je i posjeta <strong>kompleksu Panonskih jezera<\/strong>, jednoj od najatraktivnijih kupali\u0161ta u regionu.<\/p>\n<p>Nakon okon\u010danog polumaratona, na kojem se prvi trka\u010di u cilju na Trgu slobode o\u010dekuju nakon ne\u0161to vi\u0161e od dva sata tr\u010danja, ili odmah nakon starta, imat \u0107ete priliku u\u017eivati velikom koncertu u festivalskom koncertnom prostoru u parku kod biv\u0161e Muzi\u010dke \u0161kole. Ulaz je slobodan, a zabavljat \u0107e vas <strong>Generacija bez kompasa, E-play, Letu \u0160tuke, JINX i Zoster<\/strong>.<\/p>\n<p>Prvi izvo\u0111a\u010di na sceni \u0107e biti od 20.00 sati.<\/p>\n<p>Tuzla Vam ove subote, 21. jula zaista ima mnogo toga za ponuditi, stoga ne propustite, do\u0111ite (ostanite), otkrijte i u\u017eivajte.<\/p>\n<p><strong>(Tuzlainfo.ba)<\/strong><\/p>\n<p><strong><span style=\"font-size: 8pt;\">Sadr\u017eaj je kreiran uz potporu Turisti\u010dke zajednice Tuzlanskog kantona u okviru Programa podizanja kvalitete turisti\u010dke ponude Tuzlanskog kantona za 2018. godinu.<\/span><\/strong><\/p>\n","protected":false},"excerpt":{"rendered":"<p>Portal Tuzainfo.ba i Turisti\u010dka zajednica Tuzlanskog kantona Vam kroz na\u0161u novu rubriku &#8220;Gdje za vikend&#8221; preporu\u010duju turisti\u010dke destinacije i manifestacije koje \u0107e Va\u0161e ljeto u Tuzlanskom kantonu u\u010diniti jo\u0161 zanimljivijim. U vikendu koji je pred nama s razlogom preporu\u010dujemo Tuzlu, koja \u0107e u subotu 21. jula biti regionalni sportski i muzi\u010dki centar, koja sa sadr\u017eajima [&hellip;]<\/p>\n","protected":false},"author":2,"featured_media":62856,"comment_status":"open","ping_status":"closed","sticky":false,"template":"","format":"standard","meta":{"footnotes":""},"categories":[19],"tags":[],"class_list":["post-12749","post","type-post","status-publish","format-standard","has-post-thumbnail","hentry","category-gdje-za-vikend"],"yoast_head":"<!-- This site is optimized with the Yoast SEO plugin v28.4 - https:\/\/yoast.com\/product\/yoast-seo-wordpress\/ -->\n<title>Gdje za vikend: Tuzla je u subotu, 21. jula, regionalni centar dobre zabave!<\/title>\n<meta name=\"robots\" content=\"index, follow, max-snippet:-1, max-image-preview:large, max-video-preview:-1\" \/>\n<link rel=\"canonical\" href=\"https:\/\/tuzlainfo.ba\/index.php\/clanci\/gdje-za-vikend\/item\/12749-gdje-za-vikend-tuzla-je-u-subotu-21-jula-regionalni-centar-dobre-zabave\/\" \/>\n<meta property=\"og:locale\" content=\"bs_BA\" \/>\n<meta property=\"og:type\" content=\"article\" \/>\n<meta property=\"og:title\" content=\"Gdje za vikend: Tuzla je u subotu, 21. jula, regionalni centar dobre zabave!\" \/>\n<meta property=\"og:description\" content=\"Portal Tuzainfo.ba i Turisti\u010dka zajednica Tuzlanskog kantona Vam kroz na\u0161u novu rubriku &#8220;Gdje za vikend&#8221; preporu\u010duju turisti\u010dke destinacije i manifestacije koje \u0107e Va\u0161e ljeto u Tuzlanskom kantonu u\u010diniti jo\u0161 zanimljivijim. U vikendu koji je pred nama s razlogom preporu\u010dujemo Tuzlu, koja \u0107e u subotu 21. jula biti regionalni sportski i muzi\u010dki centar, koja sa sadr\u017eajima [&hellip;]\" \/>\n<meta property=\"og:url\" content=\"https:\/\/tuzlainfo.ba\/index.php\/clanci\/gdje-za-vikend\/item\/12749-gdje-za-vikend-tuzla-je-u-subotu-21-jula-regionalni-centar-dobre-zabave\/\" \/>\n<meta property=\"og:site_name\" content=\"TuzlaInfo.ba\" \/>\n<meta property=\"article:publisher\" content=\"https:\/\/www.facebook.com\/tuzlainfo.ba\/\" \/>\n<meta property=\"article:published_time\" content=\"2018-07-20T20:04:12+00:00\" \/>\n<meta property=\"article:modified_time\" content=\"2021-03-23T08:55:04+00:00\" \/>\n<meta property=\"og:image\" content=\"https:\/\/tuzlainfo.ba\/wp-content\/uploads\/2018\/07\/k2_items_src_f5283e84f8daffad81a1a04428ef2119.jpg\" \/>\n\t<meta property=\"og:image:width\" content=\"770\" \/>\n\t<meta property=\"og:image:height\" content=\"355\" \/>\n\t<meta property=\"og:image:type\" content=\"image\/jpeg\" \/>\n<meta name=\"author\" content=\"nedim\" \/>\n<meta name=\"twitter:card\" content=\"summary_large_image\" \/>\n<meta name=\"twitter:label1\" content=\"Written by\" \/>\n\t<meta name=\"twitter:data1\" content=\"nedim\" \/>\n\t<meta name=\"twitter:label2\" content=\"Est. reading time\" \/>\n\t<meta name=\"twitter:data2\" content=\"3 minute\" \/>\n<script type=\"application\/ld+json\" class=\"yoast-schema-graph\">{\"@context\":\"https:\\\/\\\/schema.org\",\"@graph\":[{\"@type\":\"Article\",\"@id\":\"https:\\\/\\\/tuzlainfo.ba\\\/index.php\\\/clanci\\\/gdje-za-vikend\\\/item\\\/12749-gdje-za-vikend-tuzla-je-u-subotu-21-jula-regionalni-centar-dobre-zabave\\\/#article\",\"isPartOf\":{\"@id\":\"https:\\\/\\\/tuzlainfo.ba\\\/index.php\\\/clanci\\\/gdje-za-vikend\\\/item\\\/12749-gdje-za-vikend-tuzla-je-u-subotu-21-jula-regionalni-centar-dobre-zabave\\\/\"},\"author\":{\"name\":\"nedim\",\"@id\":\"https:\\\/\\\/tuzlainfo.ba\\\/#\\\/schema\\\/person\\\/f434e20dc27ea133923aab08451b7f7f\"},\"headline\":\"Gdje za vikend: Tuzla je u subotu, 21. jula, regionalni centar dobre zabave!\",\"datePublished\":\"2018-07-20T20:04:12+00:00\",\"dateModified\":\"2021-03-23T08:55:04+00:00\",\"mainEntityOfPage\":{\"@id\":\"https:\\\/\\\/tuzlainfo.ba\\\/index.php\\\/clanci\\\/gdje-za-vikend\\\/item\\\/12749-gdje-za-vikend-tuzla-je-u-subotu-21-jula-regionalni-centar-dobre-zabave\\\/\"},\"wordCount\":518,\"commentCount\":0,\"publisher\":{\"@id\":\"https:\\\/\\\/tuzlainfo.ba\\\/#organization\"},\"image\":{\"@id\":\"https:\\\/\\\/tuzlainfo.ba\\\/index.php\\\/clanci\\\/gdje-za-vikend\\\/item\\\/12749-gdje-za-vikend-tuzla-je-u-subotu-21-jula-regionalni-centar-dobre-zabave\\\/#primaryimage\"},\"thumbnailUrl\":\"https:\\\/\\\/tuzlainfo.ba\\\/wp-content\\\/uploads\\\/2018\\\/07\\\/k2_items_src_f5283e84f8daffad81a1a04428ef2119.jpg\",\"articleSection\":[\"Gdje za vikend\"],\"inLanguage\":\"bs-BA\",\"copyrightYear\":\"2018\",\"copyrightHolder\":{\"@id\":\"https:\\\/\\\/tuzlainfo.ba\\\/#organization\"}},{\"@type\":\"WebPage\",\"@id\":\"https:\\\/\\\/tuzlainfo.ba\\\/index.php\\\/clanci\\\/gdje-za-vikend\\\/item\\\/12749-gdje-za-vikend-tuzla-je-u-subotu-21-jula-regionalni-centar-dobre-zabave\\\/\",\"url\":\"https:\\\/\\\/tuzlainfo.ba\\\/index.php\\\/clanci\\\/gdje-za-vikend\\\/item\\\/12749-gdje-za-vikend-tuzla-je-u-subotu-21-jula-regionalni-centar-dobre-zabave\\\/\",\"name\":\"Gdje za vikend: Tuzla je u subotu, 21. jula, regionalni centar dobre zabave!\",\"isPartOf\":{\"@id\":\"https:\\\/\\\/tuzlainfo.ba\\\/#website\"},\"primaryImageOfPage\":{\"@id\":\"https:\\\/\\\/tuzlainfo.ba\\\/index.php\\\/clanci\\\/gdje-za-vikend\\\/item\\\/12749-gdje-za-vikend-tuzla-je-u-subotu-21-jula-regionalni-centar-dobre-zabave\\\/#primaryimage\"},\"image\":{\"@id\":\"https:\\\/\\\/tuzlainfo.ba\\\/index.php\\\/clanci\\\/gdje-za-vikend\\\/item\\\/12749-gdje-za-vikend-tuzla-je-u-subotu-21-jula-regionalni-centar-dobre-zabave\\\/#primaryimage\"},\"thumbnailUrl\":\"https:\\\/\\\/tuzlainfo.ba\\\/wp-content\\\/uploads\\\/2018\\\/07\\\/k2_items_src_f5283e84f8daffad81a1a04428ef2119.jpg\",\"datePublished\":\"2018-07-20T20:04:12+00:00\",\"dateModified\":\"2021-03-23T08:55:04+00:00\",\"breadcrumb\":{\"@id\":\"https:\\\/\\\/tuzlainfo.ba\\\/index.php\\\/clanci\\\/gdje-za-vikend\\\/item\\\/12749-gdje-za-vikend-tuzla-je-u-subotu-21-jula-regionalni-centar-dobre-zabave\\\/#breadcrumb\"},\"inLanguage\":\"bs-BA\",\"potentialAction\":[{\"@type\":\"ReadAction\",\"target\":[\"https:\\\/\\\/tuzlainfo.ba\\\/index.php\\\/clanci\\\/gdje-za-vikend\\\/item\\\/12749-gdje-za-vikend-tuzla-je-u-subotu-21-jula-regionalni-centar-dobre-zabave\\\/\"]}]},{\"@type\":\"ImageObject\",\"inLanguage\":\"bs-BA\",\"@id\":\"https:\\\/\\\/tuzlainfo.ba\\\/index.php\\\/clanci\\\/gdje-za-vikend\\\/item\\\/12749-gdje-za-vikend-tuzla-je-u-subotu-21-jula-regionalni-centar-dobre-zabave\\\/#primaryimage\",\"url\":\"https:\\\/\\\/tuzlainfo.ba\\\/wp-content\\\/uploads\\\/2018\\\/07\\\/k2_items_src_f5283e84f8daffad81a1a04428ef2119.jpg\",\"contentUrl\":\"https:\\\/\\\/tuzlainfo.ba\\\/wp-content\\\/uploads\\\/2018\\\/07\\\/k2_items_src_f5283e84f8daffad81a1a04428ef2119.jpg\",\"width\":770,\"height\":355},{\"@type\":\"BreadcrumbList\",\"@id\":\"https:\\\/\\\/tuzlainfo.ba\\\/index.php\\\/clanci\\\/gdje-za-vikend\\\/item\\\/12749-gdje-za-vikend-tuzla-je-u-subotu-21-jula-regionalni-centar-dobre-zabave\\\/#breadcrumb\",\"itemListElement\":[{\"@type\":\"ListItem\",\"position\":1,\"name\":\"Home\",\"item\":\"https:\\\/\\\/tuzlainfo.ba\\\/\"},{\"@type\":\"ListItem\",\"position\":2,\"name\":\"Gdje za vikend: Tuzla je u subotu, 21. jula, regionalni centar dobre zabave!\"}]},{\"@type\":\"WebSite\",\"@id\":\"https:\\\/\\\/tuzlainfo.ba\\\/#website\",\"url\":\"https:\\\/\\\/tuzlainfo.ba\\\/\",\"name\":\"TuzlaInfo.ba\",\"description\":\"Tuzla info, gradski informator - Tuzla na dlanu\",\"publisher\":{\"@id\":\"https:\\\/\\\/tuzlainfo.ba\\\/#organization\"},\"potentialAction\":[{\"@type\":\"SearchAction\",\"target\":{\"@type\":\"EntryPoint\",\"urlTemplate\":\"https:\\\/\\\/tuzlainfo.ba\\\/?s={search_term_string}\"},\"query-input\":{\"@type\":\"PropertyValueSpecification\",\"valueRequired\":true,\"valueName\":\"search_term_string\"}}],\"inLanguage\":\"bs-BA\"},{\"@type\":\"Organization\",\"@id\":\"https:\\\/\\\/tuzlainfo.ba\\\/#organization\",\"name\":\"TuzlaInfo.ba\",\"url\":\"https:\\\/\\\/tuzlainfo.ba\\\/\",\"logo\":{\"@type\":\"ImageObject\",\"inLanguage\":\"bs-BA\",\"@id\":\"https:\\\/\\\/tuzlainfo.ba\\\/#\\\/schema\\\/logo\\\/image\\\/\",\"url\":\"https:\\\/\\\/tuzlainfo.ba\\\/wp-content\\\/uploads\\\/2021\\\/03\\\/logo-ver-3-1.png\",\"contentUrl\":\"https:\\\/\\\/tuzlainfo.ba\\\/wp-content\\\/uploads\\\/2021\\\/03\\\/logo-ver-3-1.png\",\"width\":350,\"height\":95,\"caption\":\"TuzlaInfo.ba\"},\"image\":{\"@id\":\"https:\\\/\\\/tuzlainfo.ba\\\/#\\\/schema\\\/logo\\\/image\\\/\"},\"sameAs\":[\"https:\\\/\\\/www.facebook.com\\\/tuzlainfo.ba\\\/\"]},{\"@type\":\"Person\",\"@id\":\"https:\\\/\\\/tuzlainfo.ba\\\/#\\\/schema\\\/person\\\/f434e20dc27ea133923aab08451b7f7f\",\"name\":\"nedim\",\"image\":{\"@type\":\"ImageObject\",\"inLanguage\":\"bs-BA\",\"@id\":\"https:\\\/\\\/secure.gravatar.com\\\/avatar\\\/5b928a2e7e70a54208d2eb6c1edcb75a5350d6ae97d5f0a701203d456823f6f3?s=96&d=mm&r=g\",\"url\":\"https:\\\/\\\/secure.gravatar.com\\\/avatar\\\/5b928a2e7e70a54208d2eb6c1edcb75a5350d6ae97d5f0a701203d456823f6f3?s=96&d=mm&r=g\",\"contentUrl\":\"https:\\\/\\\/secure.gravatar.com\\\/avatar\\\/5b928a2e7e70a54208d2eb6c1edcb75a5350d6ae97d5f0a701203d456823f6f3?s=96&d=mm&r=g\",\"caption\":\"nedim\"},\"description\":\"Tuzlainfo.ba pratite na dru\u0161tvenim mre\u017eama: Facebook, Instagram i Youtube. Svoje pri\u010de, upite i fotografije \u0161aljite na na\u0161u e-mail adresu.\"}]}<\/script>\n<!-- \/ Yoast SEO plugin. -->","yoast_head_json":{"title":"Gdje za vikend: Tuzla je u subotu, 21. jula, regionalni centar dobre zabave!","robots":{"index":"index","follow":"follow","max-snippet":"max-snippet:-1","max-image-preview":"max-image-preview:large","max-video-preview":"max-video-preview:-1"},"canonical":"https:\/\/tuzlainfo.ba\/index.php\/clanci\/gdje-za-vikend\/item\/12749-gdje-za-vikend-tuzla-je-u-subotu-21-jula-regionalni-centar-dobre-zabave\/","og_locale":"bs_BA","og_type":"article","og_title":"Gdje za vikend: Tuzla je u subotu, 21. jula, regionalni centar dobre zabave!","og_description":"Portal Tuzainfo.ba i Turisti\u010dka zajednica Tuzlanskog kantona Vam kroz na\u0161u novu rubriku &#8220;Gdje za vikend&#8221; preporu\u010duju turisti\u010dke destinacije i manifestacije koje \u0107e Va\u0161e ljeto u Tuzlanskom kantonu u\u010diniti jo\u0161 zanimljivijim. U vikendu koji je pred nama s razlogom preporu\u010dujemo Tuzlu, koja \u0107e u subotu 21. jula biti regionalni sportski i muzi\u010dki centar, koja sa sadr\u017eajima [&hellip;]","og_url":"https:\/\/tuzlainfo.ba\/index.php\/clanci\/gdje-za-vikend\/item\/12749-gdje-za-vikend-tuzla-je-u-subotu-21-jula-regionalni-centar-dobre-zabave\/","og_site_name":"TuzlaInfo.ba","article_publisher":"https:\/\/www.facebook.com\/tuzlainfo.ba\/","article_published_time":"2018-07-20T20:04:12+00:00","article_modified_time":"2021-03-23T08:55:04+00:00","og_image":[{"width":770,"height":355,"url":"https:\/\/tuzlainfo.ba\/wp-content\/uploads\/2018\/07\/k2_items_src_f5283e84f8daffad81a1a04428ef2119.jpg","type":"image\/jpeg"}],"author":"nedim","twitter_card":"summary_large_image","twitter_misc":{"Written by":"nedim","Est. reading time":"3 minute"},"schema":{"@context":"https:\/\/schema.org","@graph":[{"@type":"Article","@id":"https:\/\/tuzlainfo.ba\/index.php\/clanci\/gdje-za-vikend\/item\/12749-gdje-za-vikend-tuzla-je-u-subotu-21-jula-regionalni-centar-dobre-zabave\/#article","isPartOf":{"@id":"https:\/\/tuzlainfo.ba\/index.php\/clanci\/gdje-za-vikend\/item\/12749-gdje-za-vikend-tuzla-je-u-subotu-21-jula-regionalni-centar-dobre-zabave\/"},"author":{"name":"nedim","@id":"https:\/\/tuzlainfo.ba\/#\/schema\/person\/f434e20dc27ea133923aab08451b7f7f"},"headline":"Gdje za vikend: Tuzla je u subotu, 21. jula, regionalni centar dobre zabave!","datePublished":"2018-07-20T20:04:12+00:00","dateModified":"2021-03-23T08:55:04+00:00","mainEntityOfPage":{"@id":"https:\/\/tuzlainfo.ba\/index.php\/clanci\/gdje-za-vikend\/item\/12749-gdje-za-vikend-tuzla-je-u-subotu-21-jula-regionalni-centar-dobre-zabave\/"},"wordCount":518,"commentCount":0,"publisher":{"@id":"https:\/\/tuzlainfo.ba\/#organization"},"image":{"@id":"https:\/\/tuzlainfo.ba\/index.php\/clanci\/gdje-za-vikend\/item\/12749-gdje-za-vikend-tuzla-je-u-subotu-21-jula-regionalni-centar-dobre-zabave\/#primaryimage"},"thumbnailUrl":"https:\/\/tuzlainfo.ba\/wp-content\/uploads\/2018\/07\/k2_items_src_f5283e84f8daffad81a1a04428ef2119.jpg","articleSection":["Gdje za vikend"],"inLanguage":"bs-BA","copyrightYear":"2018","copyrightHolder":{"@id":"https:\/\/tuzlainfo.ba\/#organization"}},{"@type":"WebPage","@id":"https:\/\/tuzlainfo.ba\/index.php\/clanci\/gdje-za-vikend\/item\/12749-gdje-za-vikend-tuzla-je-u-subotu-21-jula-regionalni-centar-dobre-zabave\/","url":"https:\/\/tuzlainfo.ba\/index.php\/clanci\/gdje-za-vikend\/item\/12749-gdje-za-vikend-tuzla-je-u-subotu-21-jula-regionalni-centar-dobre-zabave\/","name":"Gdje za vikend: Tuzla je u subotu, 21. jula, regionalni centar dobre zabave!","isPartOf":{"@id":"https:\/\/tuzlainfo.ba\/#website"},"primaryImageOfPage":{"@id":"https:\/\/tuzlainfo.ba\/index.php\/clanci\/gdje-za-vikend\/item\/12749-gdje-za-vikend-tuzla-je-u-subotu-21-jula-regionalni-centar-dobre-zabave\/#primaryimage"},"image":{"@id":"https:\/\/tuzlainfo.ba\/index.php\/clanci\/gdje-za-vikend\/item\/12749-gdje-za-vikend-tuzla-je-u-subotu-21-jula-regionalni-centar-dobre-zabave\/#primaryimage"},"thumbnailUrl":"https:\/\/tuzlainfo.ba\/wp-content\/uploads\/2018\/07\/k2_items_src_f5283e84f8daffad81a1a04428ef2119.jpg","datePublished":"2018-07-20T20:04:12+00:00","dateModified":"2021-03-23T08:55:04+00:00","breadcrumb":{"@id":"https:\/\/tuzlainfo.ba\/index.php\/clanci\/gdje-za-vikend\/item\/12749-gdje-za-vikend-tuzla-je-u-subotu-21-jula-regionalni-centar-dobre-zabave\/#breadcrumb"},"inLanguage":"bs-BA","potentialAction":[{"@type":"ReadAction","target":["https:\/\/tuzlainfo.ba\/index.php\/clanci\/gdje-za-vikend\/item\/12749-gdje-za-vikend-tuzla-je-u-subotu-21-jula-regionalni-centar-dobre-zabave\/"]}]},{"@type":"ImageObject","inLanguage":"bs-BA","@id":"https:\/\/tuzlainfo.ba\/index.php\/clanci\/gdje-za-vikend\/item\/12749-gdje-za-vikend-tuzla-je-u-subotu-21-jula-regionalni-centar-dobre-zabave\/#primaryimage","url":"https:\/\/tuzlainfo.ba\/wp-content\/uploads\/2018\/07\/k2_items_src_f5283e84f8daffad81a1a04428ef2119.jpg","contentUrl":"https:\/\/tuzlainfo.ba\/wp-content\/uploads\/2018\/07\/k2_items_src_f5283e84f8daffad81a1a04428ef2119.jpg","width":770,"height":355},{"@type":"BreadcrumbList","@id":"https:\/\/tuzlainfo.ba\/index.php\/clanci\/gdje-za-vikend\/item\/12749-gdje-za-vikend-tuzla-je-u-subotu-21-jula-regionalni-centar-dobre-zabave\/#breadcrumb","itemListElement":[{"@type":"ListItem","position":1,"name":"Home","item":"https:\/\/tuzlainfo.ba\/"},{"@type":"ListItem","position":2,"name":"Gdje za vikend: Tuzla je u subotu, 21. jula, regionalni centar dobre zabave!"}]},{"@type":"WebSite","@id":"https:\/\/tuzlainfo.ba\/#website","url":"https:\/\/tuzlainfo.ba\/","name":"TuzlaInfo.ba","description":"Tuzla info, gradski informator - Tuzla na dlanu","publisher":{"@id":"https:\/\/tuzlainfo.ba\/#organization"},"potentialAction":[{"@type":"SearchAction","target":{"@type":"EntryPoint","urlTemplate":"https:\/\/tuzlainfo.ba\/?s={search_term_string}"},"query-input":{"@type":"PropertyValueSpecification","valueRequired":true,"valueName":"search_term_string"}}],"inLanguage":"bs-BA"},{"@type":"Organization","@id":"https:\/\/tuzlainfo.ba\/#organization","name":"TuzlaInfo.ba","url":"https:\/\/tuzlainfo.ba\/","logo":{"@type":"ImageObject","inLanguage":"bs-BA","@id":"https:\/\/tuzlainfo.ba\/#\/schema\/logo\/image\/","url":"https:\/\/tuzlainfo.ba\/wp-content\/uploads\/2021\/03\/logo-ver-3-1.png","contentUrl":"https:\/\/tuzlainfo.ba\/wp-content\/uploads\/2021\/03\/logo-ver-3-1.png","width":350,"height":95,"caption":"TuzlaInfo.ba"},"image":{"@id":"https:\/\/tuzlainfo.ba\/#\/schema\/logo\/image\/"},"sameAs":["https:\/\/www.facebook.com\/tuzlainfo.ba\/"]},{"@type":"Person","@id":"https:\/\/tuzlainfo.ba\/#\/schema\/person\/f434e20dc27ea133923aab08451b7f7f","name":"nedim","image":{"@type":"ImageObject","inLanguage":"bs-BA","@id":"https:\/\/secure.gravatar.com\/avatar\/5b928a2e7e70a54208d2eb6c1edcb75a5350d6ae97d5f0a701203d456823f6f3?s=96&d=mm&r=g","url":"https:\/\/secure.gravatar.com\/avatar\/5b928a2e7e70a54208d2eb6c1edcb75a5350d6ae97d5f0a701203d456823f6f3?s=96&d=mm&r=g","contentUrl":"https:\/\/secure.gravatar.com\/avatar\/5b928a2e7e70a54208d2eb6c1edcb75a5350d6ae97d5f0a701203d456823f6f3?s=96&d=mm&r=g","caption":"nedim"},"description":"Tuzlainfo.ba pratite na dru\u0161tvenim mre\u017eama: Facebook, Instagram i Youtube. Svoje pri\u010de, upite i fotografije \u0161aljite na na\u0161u e-mail adresu."}]}},"_links":{"self":[{"href":"https:\/\/tuzlainfo.ba\/index.php\/wp-json\/wp\/v2\/posts\/12749","targetHints":{"allow":["GET"]}}],"collection":[{"href":"https:\/\/tuzlainfo.ba\/index.php\/wp-json\/wp\/v2\/posts"}],"about":[{"href":"https:\/\/tuzlainfo.ba\/index.php\/wp-json\/wp\/v2\/types\/post"}],"author":[{"embeddable":true,"href":"https:\/\/tuzlainfo.ba\/index.php\/wp-json\/wp\/v2\/users\/2"}],"replies":[{"embeddable":true,"href":"https:\/\/tuzlainfo.ba\/index.php\/wp-json\/wp\/v2\/comments?post=12749"}],"version-history":[{"count":0,"href":"https:\/\/tuzlainfo.ba\/index.php\/wp-json\/wp\/v2\/posts\/12749\/revisions"}],"wp:featuredmedia":[{"embeddable":true,"href":"https:\/\/tuzlainfo.ba\/index.php\/wp-json\/wp\/v2\/media\/62856"}],"wp:attachment":[{"href":"https:\/\/tuzlainfo.ba\/index.php\/wp-json\/wp\/v2\/media?parent=12749"}],"wp:term":[{"taxonomy":"category","embeddable":true,"href":"https:\/\/tuzlainfo.ba\/index.php\/wp-json\/wp\/v2\/categories?post=12749"},{"taxonomy":"post_tag","embeddable":true,"href":"https:\/\/tuzlainfo.ba\/index.php\/wp-json\/wp\/v2\/tags?post=12749"}],"curies":[{"name":"wp","href":"https:\/\/api.w.org\/{rel}","templated":true}]}}